{"id":17454,"date":"2025-10-23T09:09:46","date_gmt":"2025-10-23T09:09:46","guid":{"rendered":"https:\/\/neotalentconclusion.com\/?p=17454"},"modified":"2025-10-23T09:15:44","modified_gmt":"2025-10-23T09:15:44","slug":"conclusion-impulsa-su-crecimiento-en-espana-y-portugal-con-el-nombramiento-de-desiree-fraser-como-directora-de-strategic-portfolio-managed-services","status":"publish","type":"post","link":"https:\/\/neotalentconclusion.com\/es\/conclusion-impulsa-su-crecimiento-en-espana-y-portugal-con-el-nombramiento-de-desiree-fraser-como-directora-de-strategic-portfolio-managed-services\/","title":{"rendered":"Conclusion impulsa su crecimiento en Espa\u00f1a y Portugal con el nombramiento de Desiree Fraser como Directora de Strategic Portfolio &#038; Managed Services"},"content":{"rendered":"<p><a href=\"https:\/\/www.conclusion.com\/es-es\" target=\"_blank\" rel=\"noopener\"><span data-contrast=\"none\">Conclusion<\/span><\/a><span data-contrast=\"auto\">, el grupo holand\u00e9s especializado en transformaci\u00f3n digital y Tecnolog\u00edas de la Informaci\u00f3n (IT), ha dado un nuevo paso en su expansi\u00f3n en Espa\u00f1a y Portugal con el nombramiento de <\/span><b><span data-contrast=\"auto\">Desiree\u00a0Fraser<\/span><\/b><span data-contrast=\"auto\">\u00a0como\u00a0<\/span><b><i><span data-contrast=\"auto\">Strategic\u00a0Portfolio\u00a0&amp;\u00a0Managed\u00a0Services\u00a0Director<\/span><\/i><\/b><span data-contrast=\"auto\">. Con esta incorporaci\u00f3n, el grupo refuerza su enfoque en los servicios tecnol\u00f3gicos gestionados y acelera la creaci\u00f3n de un nuevo portafolio y ofertas que impulsar\u00e1n el crecimiento de sus operaciones en la Pen\u00ednsula Ib\u00e9rica, as\u00ed como la contribuci\u00f3n de la regi\u00f3n al ecosistema europeo de Conclusion.<\/span><span data-ccp-props=\"{&quot;134233117&quot;:true,&quot;134233118&quot;:true,&quot;335551550&quot;:6,&quot;335551620&quot;:6}\">\u00a0<\/span><\/p>\n<p><span data-contrast=\"auto\">Con m\u00e1s de veinte a\u00f1os de experiencia\u00a0<\/span><span data-contrast=\"auto\">internacional\u00a0<\/span><span data-contrast=\"auto\">en el sector tecnol\u00f3gico,\u00a0<\/span><b><span data-contrast=\"auto\">Desiree\u00a0Fraser<\/span><\/b><span data-contrast=\"auto\">\u00a0se incorpora desde los Pa\u00edses Bajos, donde\u00a0dirigi\u00f3\u00a0Conclusion\u00a0MBS, unidad especializada en Microsoft Dynamics 365. Antes form\u00f3 parte de\u00a0Capgemini, donde ejerci\u00f3 como\u00a0<\/span><i><span data-contrast=\"auto\">Vice-President\u00a0Retail<\/span><\/i><span data-contrast=\"auto\">\u00a0y\u00a0<\/span><i><span data-contrast=\"auto\">Global\u00a0Account\u00a0Executive<\/span><\/i><span data-contrast=\"auto\">, liderando proyectos\u00a0de\u00a0<\/span><span data-contrast=\"auto\">software,\u00a0cloud, garant\u00eda de calidad y tecnolog\u00edas emergentes.<\/span><span data-ccp-props=\"{&quot;134233117&quot;:true,&quot;134233118&quot;:true,&quot;335551550&quot;:6,&quot;335551620&quot;:6}\">\u00a0<\/span><\/p>\n<p><span data-contrast=\"auto\">En su nuevo puesto,\u00a0Desiree\u00a0Fraser ser\u00e1 responsable de expandir el negocio de Servicios Gestionados y\u00a0de\u00a0lanzar nuevas ofertas tecnol\u00f3gicas, aprovechando las oportunidades de mercados emergentes como la Inteligencia Artificial Generativa y la\u00a0Observabilidad.\u00a0En palabras de Fraser, su objetivo \u201ces impulsar una cartera de\u00a0servicios diversa y alineada con las necesidades reales de nuestros clientes, reforzando el papel de estos servicios dentro de\u00a0Conclusion\u00a0Iberia y fomentando la colaboraci\u00f3n con otras regiones como Benelux (B\u00e9lgica, Pa\u00edses Bajos y Luxemburgo) y DACH (Alemania, Austria y Suiza)\u201d.<\/span><span data-ccp-props=\"{&quot;335551550&quot;:6,&quot;335551620&quot;:6}\">\u00a0<\/span><\/p>\n<p><span data-contrast=\"auto\">Con esta\u00a0apuesta, la operaci\u00f3n ib\u00e9rica se consolida como una incubadora de innovaci\u00f3n dentro del grupo, dedicada a crear nuevas l\u00edneas de negocio y una oferta cada vez m\u00e1s colaborativa y centrada en el cliente.<\/span><span data-ccp-props=\"{&quot;134233117&quot;:true,&quot;134233118&quot;:true,&quot;201341983&quot;:0,&quot;335551550&quot;:6,&quot;335551620&quot;:6,&quot;335559740&quot;:240}\">\u00a0<\/span><\/p>\n<figure id=\"attachment_17439\" aria-describedby=\"caption-attachment-17439\" style=\"width: 800px\" class=\"wp-caption aligncenter\"><img fetchpriority=\"high\" decoding=\"async\" class=\"wp-image-17439 size-large\" src=\"https:\/\/neotalentconclusion.com\/wp-content\/uploads\/2025\/10\/Conclusion-Desiree-Fraser-1024x683.jpg\" alt=\"\" width=\"800\" height=\"534\" srcset=\"https:\/\/neotalentconclusion.com\/wp-content\/uploads\/2025\/10\/Conclusion-Desiree-Fraser-1024x683.jpg 1024w, https:\/\/neotalentconclusion.com\/wp-content\/uploads\/2025\/10\/Conclusion-Desiree-Fraser-300x200.jpg 300w, https:\/\/neotalentconclusion.com\/wp-content\/uploads\/2025\/10\/Conclusion-Desiree-Fraser-768x512.jpg 768w, https:\/\/neotalentconclusion.com\/wp-content\/uploads\/2025\/10\/Conclusion-Desiree-Fraser-1536x1025.jpg 1536w, https:\/\/neotalentconclusion.com\/wp-content\/uploads\/2025\/10\/Conclusion-Desiree-Fraser-2048x1366.jpg 2048w\" sizes=\"(max-width: 800px) 100vw, 800px\" \/><figcaption id=\"caption-attachment-17439\" class=\"wp-caption-text\">Desiree Fraser ser\u00e1 responsable de expandir el \u00e1rea de Servicios Gestionados y lanzar nuevas ofertas tecnol\u00f3gicas.<\/figcaption><\/figure>\n<h3><b><span data-contrast=\"auto\">Un equipo europeo cohesionado y en r\u00e1pido crecimiento<\/span><\/b><span data-ccp-props=\"{&quot;335551550&quot;:6,&quot;335551620&quot;:6}\">\u00a0<\/span><\/h3>\n<p><span data-contrast=\"auto\">Para implementar esta estrategia,\u00a0Desiree\u00a0Fraser contar\u00e1 con un equipo de aproximadamente 70 consultores de negocios y expertos en tecnolog\u00eda, que trabajar\u00e1n en\u00a0diversas\u00a0\u00e1reas en estrecha colaboraci\u00f3n con socios tecnol\u00f3gicos como Microsoft,\u00a0ServiceNow,\u00a0Dynatrace\u00a0y administradores de aplicaciones.\u00a0El objetivo es convertir el \u00e1rea de Servicios Gestionados en un motor de crecimiento sostenible, capaz de impulsar nuevas ofertas y acelerar la transici\u00f3n de\u00a0Conclusion\u00a0Iberia hacia servicios de mayor valor a\u00f1adido y especializaci\u00f3n tecnol\u00f3gica,\u00a0que se espera que representen m\u00e1s del 50% de los ingresos totales de la operaci\u00f3n para 2030.<\/span><span data-ccp-props=\"{&quot;134233117&quot;:true,&quot;134233118&quot;:true,&quot;335551550&quot;:6,&quot;335551620&quot;:6}\">\u00a0<\/span><\/p>\n<p><span data-contrast=\"auto\">C\u00e9lia Vieira, Directora General de Conclusion Iberia, asegura que \u201cla experiencia demostrada de Desiree y su profundo conocimiento del grupo la convierten en la persona id\u00f3nea para este reto. Es esencial centrarnos en los Servicios Gestionados y crear nuevas ofertas para seguir diferenciando a Conclusion en la regi\u00f3n ib\u00e9rica y fortalecer nuestra contribuci\u00f3n al ecosistema europeo del grupo\u201d.<\/span><span data-ccp-props=\"{&quot;335551550&quot;:6,&quot;335551620&quot;:6}\">\u00a0<\/span><\/p>\n<figure id=\"attachment_17442\" aria-describedby=\"caption-attachment-17442\" style=\"width: 800px\" class=\"wp-caption aligncenter\"><img decoding=\"async\" class=\"wp-image-17442 size-large\" src=\"https:\/\/neotalentconclusion.com\/wp-content\/uploads\/2025\/10\/Conclusion-Celia-Vieira-and-Desiree-Fraser-1024x683.jpg\" alt=\"\" width=\"800\" height=\"534\" srcset=\"https:\/\/neotalentconclusion.com\/wp-content\/uploads\/2025\/10\/Conclusion-Celia-Vieira-and-Desiree-Fraser-1024x683.jpg 1024w, https:\/\/neotalentconclusion.com\/wp-content\/uploads\/2025\/10\/Conclusion-Celia-Vieira-and-Desiree-Fraser-300x200.jpg 300w, https:\/\/neotalentconclusion.com\/wp-content\/uploads\/2025\/10\/Conclusion-Celia-Vieira-and-Desiree-Fraser-768x512.jpg 768w, https:\/\/neotalentconclusion.com\/wp-content\/uploads\/2025\/10\/Conclusion-Celia-Vieira-and-Desiree-Fraser-1536x1025.jpg 1536w, https:\/\/neotalentconclusion.com\/wp-content\/uploads\/2025\/10\/Conclusion-Celia-Vieira-and-Desiree-Fraser-2048x1366.jpg 2048w\" sizes=\"(max-width: 800px) 100vw, 800px\" \/><figcaption id=\"caption-attachment-17442\" class=\"wp-caption-text\">C\u00e9lia Vieira, Directora General de Conclusion Iberia, junto a Desiree Fraser.<\/figcaption><\/figure>\n<h3><b><span data-contrast=\"auto\">Espa\u00f1a y Portugal, focos\u00a0de crecimiento<\/span><\/b><span data-ccp-props=\"{&quot;335551550&quot;:6,&quot;335551620&quot;:6}\">\u00a0<\/span><\/h3>\n<p><i><span data-contrast=\"auto\">Conclusion\u00a0Iberia<\/span><\/i><span data-contrast=\"auto\">\u00a0ha venido creciendo de forma sostenible, combinando la integraci\u00f3n de nuevas empresas, como\u00a0<\/span>Neotalent\u00a0Conclusion\u00a0y\u00a0Score\u00a0Conclusion<span data-contrast=\"auto\">, que juntas re\u00fanen un equipo de alrededor de 1.000 profesionales, con el desarrollo interno de competencias especializadas. En los pr\u00f3ximos a\u00f1os, la empresa prev\u00e9 reforzar los equipos en \u00e1reas como\u00a0<\/span><i><span data-contrast=\"auto\">cloud<\/span><\/i><span data-contrast=\"auto\">,\u00a0datos,\u00a0automatizaci\u00f3n y gesti\u00f3n de aplicaciones\u00a0y\u00a0sistemas\u00a0cr\u00edticos, consolidando\u00a0el \u00e1rea de\u00a0Portugal y Espa\u00f1a como centro de excelencia tecnol\u00f3gica dentro del grupo.<\/span><span data-ccp-props=\"{&quot;335551550&quot;:6,&quot;335551620&quot;:6}\">\u00a0<\/span><\/p>\n<p><span data-contrast=\"auto\">\u201cNuestra ambici\u00f3n es construir una cartera diversificada e integrada, con todos los dominios estrat\u00e9gicos representados en la regi\u00f3n\u00a0ib\u00e9rica, desde aplicaciones empresariales hasta datos e inteligencia artificial, reforzando nuestra posici\u00f3n como socio l\u00edder en transformaci\u00f3n digital en Europa\u201d,\u00a0se\u00f1ala\u00a0C\u00e9lia Vieira.<\/span><span data-ccp-props=\"{&quot;335551550&quot;:6,&quot;335551620&quot;:6}\">\u00a0<\/span><\/p>\n<p><span data-ccp-props=\"{&quot;335551550&quot;:6,&quot;335551620&quot;:6}\">A nivel global,\u00a0<em>Conclusion<\/em> estima alcanzar los dos mil millones de euros en ingresos hasta 2030, apoy\u00e1ndose en un crecimiento equilibrado de las regiones Ib\u00e9rica, DACH y Benelux.\u00a0<\/span><\/p>\n<hr \/>\n<h4><b><span data-contrast=\"auto\">Sobre CONCLUSION <\/span><\/b><span data-ccp-props=\"{&quot;134233117&quot;:true,&quot;134233118&quot;:true,&quot;201341983&quot;:0,&quot;335551550&quot;:6,&quot;335551620&quot;:6,&quot;335559740&quot;:240}\">\u00a0<\/span><\/h4>\n<p><span class=\"TextRun SCXW13175338 BCX8\" lang=\"ES-ES\" xml:lang=\"ES-ES\" data-contrast=\"auto\"><span class=\"NormalTextRun SpellingErrorV2Themed SCXW13175338 BCX8\">Conclusion<\/span><span class=\"NormalTextRun SCXW13175338 BCX8\"> es un proveedor internacional de servicios de transformaci\u00f3n empresarial y de IT que conecta estrategia, negocio y tecnolog\u00eda. La empresa tiene sus or\u00edgenes en la regi\u00f3n de Benelux y actualmente opera tambi\u00e9n desde la regi<\/span><span class=\"NormalTextRun SCXW13175338 BCX8\">\u00f3n<\/span><span class=\"NormalTextRun SCXW13175338 BCX8\">\u00a0<\/span><span class=\"NormalTextRun SCXW13175338 BCX8\">i<\/span><span class=\"NormalTextRun SCXW13175338 BCX8\">b<\/span><span class=\"NormalTextRun SCXW13175338 BCX8\">\u00e9rica y<\/span><span class=\"NormalTextRun SCXW13175338 BCX8\">\u00a0<\/span><span class=\"NormalTextRun SCXW13175338 BCX8\">DACH, cada una con su propio ecosistema.\u00a0<\/span><span class=\"NormalTextRun SpellingErrorV2Themed SCXW13175338 BCX8\">Conclusion<\/span><span class=\"NormalTextRun SCXW13175338 BCX8\">\u00a0se distingue por su enfoque\u00a0<\/span><span class=\"NormalTextRun SCXW13175338 BCX8\">orientado a<\/span><span class=\"NormalTextRun SCXW13175338 BCX8\">\u00a0dominio<\/span><span class=\"NormalTextRun SCXW13175338 BCX8\">s<\/span><span class=\"NormalTextRun SCXW13175338 BCX8\">, que combina experiencia especializada para apoyar integralmente a sus clientes en su transformaci\u00f3n digital. Opera en diferentes \u00e1reas, como experiencia digital, desarrollo y software,\u00a0<\/span><\/span><em><span class=\"TextRun SCXW13175338 BCX8\" lang=\"ES-ES\" xml:lang=\"ES-ES\" data-contrast=\"auto\"><span class=\"NormalTextRun SpellingErrorV2Themed SCXW13175338 BCX8\">cloud<\/span><\/span><\/em><span class=\"TextRun SCXW13175338 BCX8\" lang=\"ES-ES\" xml:lang=\"ES-ES\" data-contrast=\"auto\"><span class=\"NormalTextRun SCXW13175338 BCX8\">,<\/span><span class=\"NormalTextRun SCXW13175338 BCX8\"> aplicaciones empresariales, sistemas cr\u00edticos, consultor\u00eda de negocio, datos<\/span><span class=\"NormalTextRun SCXW13175338 BCX8\">\u00a0e\u00a0<\/span><span class=\"NormalTextRun SCXW13175338 BCX8\">IA.\u00a0<\/span><span class=\"NormalTextRun SpellingErrorV2Themed SCXW13175338 BCX8\">Conclusion<\/span><span class=\"NormalTextRun SCXW13175338 BCX8\"> asume la responsabilidad de los procesos y sistemas cr\u00edticos empresariales que son vitales para la sociedad. M\u00e1s informaci\u00f3n en<\/span><span class=\"NormalTextRun SCXW13175338 BCX8\">\u00a0<\/span><\/span><a class=\"Hyperlink SCXW13175338 BCX8\" href=\"https:\/\/www.conclusion.com\/es-es\" target=\"_blank\" rel=\"noreferrer noopener\"><span class=\"TextRun Underlined SCXW13175338 BCX8\" lang=\"ES-ES\" xml:lang=\"ES-ES\" data-contrast=\"none\"><span class=\"NormalTextRun SCXW13175338 BCX8\" data-ccp-charstyle=\"Hyperlink\">https:\/\/www.conclusion.com\/es-es<\/span><\/span><\/a><span class=\"EOP SCXW13175338 BCX8\" data-ccp-props=\"{&quot;134233117&quot;:true,&quot;134233118&quot;:true,&quot;335551550&quot;:6,&quot;335551620&quot;:6}\">\u00a0<\/span><\/p>\n","protected":false},"excerpt":{"rendered":"<p>Conclusion impulsa su expansi\u00f3n en Espa\u00f1a y Portugal con el nombramiento de Desiree Fraser como directora de Strategic Portfolio &#038; Managed Services. Su objetivo es consolidar los Servicios Gestionados como motor de crecimiento sostenible en Iberia y lanzar nuevas ofertas tecnol\u00f3gicas en \u00e1reas emergentes como IA generativa y observabilidad. Se espera que esta l\u00ednea represente m\u00e1s del 50\u202f% de los ingresos regionales antes de 2030.<\/p>\n","protected":false},"author":2,"featured_media":17444,"comment_status":"closed","ping_status":"closed","sticky":false,"template":"","format":"standard","meta":{"footnotes":""},"categories":[63],"tags":[],"class_list":["post-17454","post","type-post","status-publish","format-standard","has-post-thumbnail","hentry","category-sala-de-prensa"],"_links":{"self":[{"href":"https:\/\/neotalentconclusion.com\/es\/wp-json\/wp\/v2\/posts\/17454","targetHints":{"allow":["GET"]}}],"collection":[{"href":"https:\/\/neotalentconclusion.com\/es\/wp-json\/wp\/v2\/posts"}],"about":[{"href":"https:\/\/neotalentconclusion.com\/es\/wp-json\/wp\/v2\/types\/post"}],"author":[{"embeddable":true,"href":"https:\/\/neotalentconclusion.com\/es\/wp-json\/wp\/v2\/users\/2"}],"replies":[{"embeddable":true,"href":"https:\/\/neotalentconclusion.com\/es\/wp-json\/wp\/v2\/comments?post=17454"}],"version-history":[{"count":2,"href":"https:\/\/neotalentconclusion.com\/es\/wp-json\/wp\/v2\/posts\/17454\/revisions"}],"predecessor-version":[{"id":17456,"href":"https:\/\/neotalentconclusion.com\/es\/wp-json\/wp\/v2\/posts\/17454\/revisions\/17456"}],"wp:featuredmedia":[{"embeddable":true,"href":"https:\/\/neotalentconclusion.com\/es\/wp-json\/wp\/v2\/media\/17444"}],"wp:attachment":[{"href":"https:\/\/neotalentconclusion.com\/es\/wp-json\/wp\/v2\/media?parent=17454"}],"wp:term":[{"taxonomy":"category","embeddable":true,"href":"https:\/\/neotalentconclusion.com\/es\/wp-json\/wp\/v2\/categories?post=17454"},{"taxonomy":"post_tag","embeddable":true,"href":"https:\/\/neotalentconclusion.com\/es\/wp-json\/wp\/v2\/tags?post=17454"}],"curies":[{"name":"wp","href":"https:\/\/api.w.org\/{rel}","templated":true}]}}